{"id":10348,"date":"2012-09-29T12:14:29","date_gmt":"2012-09-29T11:14:29","guid":{"rendered":"http:\/\/www.zuckerkick.com\/?p=10348"},"modified":"2012-09-29T16:14:36","modified_gmt":"2012-09-29T15:14:36","slug":"aufgelesen-vol-56-das-nachste-jahrhundert","status":"publish","type":"post","link":"https:\/\/www.zuckerkick.com\/?p=10348","title":{"rendered":"\/\/ aufgelesen vol. 56 &#8211; &#8222;das n\u00e4chste jahrhundert&#8220;"},"content":{"rendered":"<p class=\"MsoNoSpacing\"><em style=\"mso-bidi-font-style: normal;\">mit B\u00fcchern von Clemens J. Setz, Michio Kaku, Nina Pauer und Richard Wiseman. <\/em><\/p>\n<p class=\"MsoNoSpacing\"><img loading=\"lazy\" decoding=\"async\" class=\"alignright size-full wp-image-10349\" title=\"clenems-j-setz\" src=\"http:\/\/www.zuckerkick.com\/wp-content\/uploads\/2012\/09\/clenems-j-setz.jpg\" alt=\"clenems-j-setz\" width=\"198\" height=\"326\" srcset=\"https:\/\/www.zuckerkick.com\/wp-content\/uploads\/2012\/09\/clenems-j-setz.jpg 297w, https:\/\/www.zuckerkick.com\/wp-content\/uploads\/2012\/09\/clenems-j-setz-182x300.jpg 182w\" sizes=\"auto, (max-width: 198px) 100vw, 198px\" \/>\/\/ Ein wirklich faszinierendes Buch hat der \u00f6sterreichische Schriftsteller <strong style=\"mso-bidi-font-weight: normal;\">Clemens J. Setz<\/strong> aus dem \u00c4rmel gesch\u00fcttelt. Bereits 2008 wurde er mit dem \u201eIngeborg-Bachmann-Preis\u201c ausgezeichnet, 2009 war er f\u00fcr den \u201eDeutschen Buchpreis\u201c nominiert und 2011 erhielt er der \u201ePreis der Leipziger Buchmesse\u201c in der Sparte Belletristik. Mit seinem neuen Werk \u201eIndigo\u201c steht er nun abermals auf der \u201eShortlist\u201c der Frankfurter Buchmesse. Der Roman spielt an einer \u00f6sterreichischen Internatsschule. Eine r\u00e4tselhafte Krankheit tritt pl\u00f6tzlich bei einigen Menschen auf, wenn sie sich in der Umgebung von bestimmten Kindern befinden. Sie klagen \u00fcber Schwindelgef\u00fchle, \u00dcbelkeit und<span style=\"mso-spacerun: yes;\"> <\/span>Kopfschmerzen.<\/p>\n<p><!--more--><\/p>\n<p class=\"MsoNoSpacing\">Als eines Tages drei der betreffenden Kinder aus dem Internat verschwinden, macht sich der Ich-Erz\u00e4hler des Buches daran, ihren Aufenthaltsort zu finden.<span style=\"mso-spacerun: yes;\"> <\/span>Allerdings kommt er nicht weit. Schon nach wenigen Tagen wird er aus dem Schuldienst entlassen. 15 Jahre sp\u00e4ter endet (scheinbar unabh\u00e4ngig davon) ein Strafprozess gegen einen ehemaligen Mathematiklehrer. Er soll jemanden ermordet haben, wird aber vom Gericht freigesprochen. Ob die beiden Geschehnisse irgendwie miteinander verbunden sind? Clemens J. Setz versteht es sehr gekonnt bei seinen Lesern f\u00fcr Verwirrung zu sorgen. Die st\u00e4ndig wechselnde Typografie des Romans und die eingestreuten Fotos verst\u00e4rken diesen Eindruck. Kein Wunder, dass er schon mehrmals mit David Foster Wallace verglichen wurde, denn Setz hat ebenfalls ein Gesp\u00fcr daf\u00fcr, ganz normale Situationen aus unerwarteten Blickwinkeln zu durchleuchten. So geht der gr\u00f6\u00dfte Reiz seines Buches auch von seinem gewandten Umgang mit der deutschen Sprache aus. Wie Setz mit Worten umgeht, ist bemerkenswert und sorgt daf\u00fcr, dass man das Buch schon nach wenigen Seiten nicht mehr zur Seite legen m\u00f6chte.<\/p>\n<p class=\"MsoNoSpacing\"><img loading=\"lazy\" decoding=\"async\" class=\"alignleft size-full wp-image-10352\" title=\"kaku1\" src=\"http:\/\/www.zuckerkick.com\/wp-content\/uploads\/2012\/09\/kaku1.jpg\" alt=\"kaku1\" width=\"197\" height=\"299\" srcset=\"https:\/\/www.zuckerkick.com\/wp-content\/uploads\/2012\/09\/kaku1.jpg 250w, https:\/\/www.zuckerkick.com\/wp-content\/uploads\/2012\/09\/kaku1-197x300.jpg 197w\" sizes=\"auto, (max-width: 197px) 100vw, 197px\" \/>\/\/ Wie sieht unsere Welt in 100 Jahren aus? Diese spannende Frage versuchen Wissenschaftler seit vielen Jahr zu entschl\u00fcsseln. Das hat zwar immer so ein bisschen was von Fischen in tr\u00fcben Gew\u00e4ssern &#8211; das just im \u201eRowohlt\u201c-Verlag erschienene Buch \u201e\u201cDie Physik der Zukunft \u2013 Unser Leben in 100 Jahren\u201c ist aber dennoch lesenswert. Das liegt vor allem an dem Autor des Werkes. Der Bestseller Autor <strong style=\"mso-bidi-font-weight: normal;\">Michio Kaku<\/strong> z\u00e4hlt nicht nur zu den V\u00e4tern der \u201eStringtheorie\u201c, er setzt sich auch seit vielen Jahren mit dem Thema auseinander und hat ein paar interessante Denkanst\u00f6\u00dfe im Gep\u00e4ck. In Zeiten des Internets scheint es zugegeben gar nicht mehr allzu gewagt, dass wir irgendwann bestimmte Maschinen mit unseren Gedanken steuern. Michio Kaku orientiert sich bei den Forschungen immer am gegenw\u00e4rtigen Stand der Technik. Er zeigt auf, was jetzt schon m\u00f6glich ist und in welchen Bereichen die Forscher bereits erste Fortschritte gemacht haben. Werden wir uns irgendwann wirklich mit einer K\u00fcnstlichen Intelligenz konfrontiert sehen? Folgt man Michio Kakus Aufzeichnungen scheint das gar nicht mal so unwahrscheinlich. In weiteren Kapiteln setzt er sich au\u00dferdem intensiv mit den Themengebieten Nanotechnologie, Raumfahrt und dem Wohlstand in unserer Gesellschaft auseinander. Dabei achtet er darauf, dass alles auch f\u00fcr Laien verst\u00e4ndlich ist. Man muss also kein Wissenschaftler sein, um dieses Buch zu verstehen. \u201eDie Physik der Zukunft\u201c ist vielmehr eine spannende und f\u00fcr jedermann nachvollziehbare Auseinandersetzung mit den technischen M\u00f6glichkeiten unserer Zeit. Wo Selbige uns irgendwann mal hinf\u00fchren werden, steht zwar nach wie vor in den Sternen. Es lohnt sich aber dennoch den Zeilen des Schriftstellers zu folgen, weil er einen durch sein Werk selbst zum Nachdenken anregt. \u201eDie Physik der Zukunft\u201c ist ein \u00fcberaus spannendes Werk (und dabei nicht nur f\u00fcr Science Fiction-Fans interessant).<\/p>\n<p class=\"MsoNoSpacing\"><img loading=\"lazy\" decoding=\"async\" class=\"alignright size-full wp-image-10351\" title=\"060630_Pauer_LG;-)_RME_fin.indd\" src=\"http:\/\/www.zuckerkick.com\/wp-content\/uploads\/2012\/09\/nina-pauer.jpg\" alt=\"060630_Pauer_LG;-)_RME_fin.indd\" width=\"463\" height=\"756\" srcset=\"https:\/\/www.zuckerkick.com\/wp-content\/uploads\/2012\/09\/nina-pauer.jpg 723w, https:\/\/www.zuckerkick.com\/wp-content\/uploads\/2012\/09\/nina-pauer-183x300.jpg 183w, https:\/\/www.zuckerkick.com\/wp-content\/uploads\/2012\/09\/nina-pauer-626x1024.jpg 626w\" sizes=\"auto, (max-width: 463px) 100vw, 463px\" \/>\/\/ Die studierte Soziologin <strong style=\"mso-bidi-font-weight: normal;\">Nina Pauer<\/strong> hat sich erst vor kurzem einen netten Schlagabtausch mit dem Piraten-Politiker Christopher Lauer in der \u201eZeit\u201c geliefert. Nun steht ihr zweites Buch \u201eLG \ud83d\ude09 \u2013 Wie wir vor lauter Kommunizieren unser Leben verpassen\u201c in den Regalen und es schl\u00e4gt in eine \u00e4hnliche Kerbe wie ihr Deb\u00fct \u201eWir haben keine Angst\u201c, das wir allen Fans von Katja Kullmanns \u201eEchtleben\u201c bei der Gelegenheit nochmal ans Herz legen m\u00f6chten. In \u201eLG ;-)\u201c dreht sich nun alles um die virtuelle Welt, die immer mehr Platz in unserem Leben einnimmt. Nina Pauer erlebt die Auswirkungen davon am eigenen Leib und nimmt ihr eigenes Verhalten im Laufe des Werkes durchaus selbstkritisch<span style=\"mso-spacerun: yes;\"> <\/span>wahr. Was passiert mit uns, wenn wir vor lauter Handy-Filmerei auf einem Konzert das eigentliche Spektakel auf der B\u00fchne nicht mehr wahrnehmen? Sind wir inzwischen ein mensch-gewordener Live-Stream, dem es nur noch darum geht eine gute Geschichte auf den einschl\u00e4gigen Sozialen Netzwerken zu erz\u00e4hlen? Nina Pauer m\u00f6chte mit ihrem Werk zum Denken anregen. Sie m\u00f6chte, dass die Menschen wieder die Kontrolle \u00fcber ihr wirkliches Leben zur\u00fcckgewinnen. Die technischen M\u00f6glichkeiten scheinen heutzutage in gewisser Weise die Kontrolle \u00fcber unser Leben zu \u00fcbernehmen und da gilt es gegen zu steuern.<span style=\"mso-spacerun: yes;\"> <\/span>Immer getreu dem Motto: ich entscheide, wie und wann ich etwas konsumiere. Wer Denkanst\u00f6\u00dfe zum digitalen Wandel unserer Gesellschaft und (damit einhergehend auch) unserer Pers\u00f6nlichkeit sucht, sollte mal reinschnuppern. Es lohnt sich, auch wenn am Ende noch zahlreiche Fragen offen bleiben.<\/p>\n<p class=\"MsoNoSpacing\"><img loading=\"lazy\" decoding=\"async\" class=\"alignright size-full wp-image-10353\" title=\"star-wars\" src=\"http:\/\/www.zuckerkick.com\/wp-content\/uploads\/2012\/09\/star-wars.jpg\" alt=\"star-wars\" width=\"255\" height=\"303\" srcset=\"https:\/\/www.zuckerkick.com\/wp-content\/uploads\/2012\/09\/star-wars.jpg 340w, https:\/\/www.zuckerkick.com\/wp-content\/uploads\/2012\/09\/star-wars-252x300.jpg 252w\" sizes=\"auto, (max-width: 255px) 100vw, 255px\" \/>\/\/ Nachdem uns der Verlag \u201eDorling Kindersley\u201c bereits vor Kurzem mit zwei gelungenen B\u00e4nden \u00fcber die Welt von \u201eSpider-Man\u201c und \u201eBatman\u201c begl\u00fcckte, kommt nun bereits das n\u00e4chste Schmankerl auf den Markt. Diesmal wird sich dem breiten Universum der wohl bekanntesten Science Fiction-Saga des Planeten angenommen. Die Rede ist nat\u00fcrlich von \u201eStar Wars\u201c und da muss nat\u00fcrlich gleich zu Beginn die Frage erlaubt sein: hat dieses Werk wirklich eine Daseinsberechtigung, wenn man bedenkt, was bereits alles an Hintergrund-Informationen und Abhandlungen (auch in Buchform) auf dem Markt ist? Die Antwort lautet zweifelsohne: Ja. \u201e<strong style=\"mso-bidi-font-weight: normal;\"><em style=\"mso-bidi-font-style: normal;\">Star Wars \u2013 Die Offizielle Geschichte von 1977 bis heute<\/em><\/strong>\u201c ist n\u00e4mlich nicht nur ein gefundenes Fressen f\u00fcr alle \u201eKrieg der Sterne\u201c-Fans, sondern auch f\u00fcr Zeitzeugen, die dem Hype nicht voll und ganz erlegen sind. Das liegt unter anderem daran, dass Autor Ryder Windham mit seinen Recherchen bereits vor dem Dreh der ersten Trilogie ansetzt: er informiert den Leser dabei nicht nur \u00fcber die wichtigsten Einfl\u00fcsse auf das \u201eStar Wars\u201c-Universum, sondern knallt einem auch noch eine immense Menge an Fotos und Illustrationen vor den Latz. Anschlie\u00dfend kann es dann aber so richtig losgehen. Der Autor nimmt sich der klassischen Trilogie (bestehend aus den Teilen IV bis VI) an und \u00fcbergibt das Zepter im Jahr 1984 an Daniel Wallace, der sich mit der Zeit zwischen den beiden Dreiteilern auseinander setzt. Wussten sie zum Beispiel, dass bereits im Jahre 1996 die erste \u201eStar Wars\u201c-Homepage entstanden ist und dass niemand Geringeres als \u201eSpider-Man\u201c <span style=\"mso-spacerun: yes;\"> <\/span>bereits im Rahmen eines Comics durch das \u201eStar Wars\u201c-Universum geh\u00fcpft ist? <span style=\"mso-spacerun: yes;\"> <\/span>Falls nein, sind sie bei \u201eStar Wars \u2013 Die Offizielle Geschichte von 1977 bis heute\u201c an der richtigen Adresse. Ab dem Jahr 1997 setzt sich Pablo Hidalgo dann mit der zweiten Trilogie und dem breit angelegten \u201eClone Wars\u201c-Universum auseinander. Er widmet sich der Entstehung der wohl am kontrovers diskutiertesten Figur des Films (\u201eJar-Jar-Binks\u201c) und durchleuchtet die lange Produktionsgeschichte der \u201ePrequel\u201c-Reihe. Anschlie\u00dfend steht dann das Thema \u201eThe Clone Wars\u201c auf dem Programm. Die Animations-Reihe hat sich nach einem holprigen Start inzwischen als fester Bestandteil des \u201eKrieg der Sterne\u201c-Universums etabliert und geht in zweiter Auflage nach 2003 bereits in die f\u00fcnfte Staffel. Der Autor geht in seinen Aufzeichnungen noch einmal genauer auf die ersten Folgen der Reihe und den zugeh\u00f6rigen Kinofilm ein, der sich intensiv mit den Geschehnissen zwischen den \u201eStar Wars\u201c-Teilen II und III auseinander setzt. Am Ende l\u00e4sst sich sagen: \u201eStar Wars \u2013 Die Offizielle Geschichte von 1977 bis heute\u201c bietet einen umfassenden Einblick in die Historie der Reihe und ist vor allem f\u00fcr Neueinsteiger ein gefundenes Fressen, die sich noch einmal etwas intensiver mit dem \u201eKrieg der Sterne\u201c- Universum besch\u00e4ftigen m\u00f6chten.<\/p>\n<p class=\"MsoNoSpacing\"><img loading=\"lazy\" decoding=\"async\" class=\"alignleft size-full wp-image-10354\" title=\"wiseman\" src=\"http:\/\/www.zuckerkick.com\/wp-content\/uploads\/2012\/09\/wiseman.jpg\" alt=\"wiseman\" width=\"195\" height=\"295\" srcset=\"https:\/\/www.zuckerkick.com\/wp-content\/uploads\/2012\/09\/wiseman.jpg 396w, https:\/\/www.zuckerkick.com\/wp-content\/uploads\/2012\/09\/wiseman-198x300.jpg 198w\" sizes=\"auto, (max-width: 195px) 100vw, 195px\" \/>\/\/ Wer sich gerne mit \u00fcbernat\u00fcrlichen Ph\u00e4nomenen auseinandersetzt, der ist beim neuen Werk von <strong style=\"mso-bidi-font-weight: normal;\">Richard Wiseman<\/strong> an der richtigen Adresse. In \u201eParanormalit\u00e4t \u2013 Warum wir Dinge sehen, die es nicht gibt\u201c enth\u00fcllt der studierte Psychologe im Stile eines Zauberk\u00fcnstlers die letzten Geheimnisse zwischen dem realen Leben und der Welt des \u00dcbersinnlichen. Professor Wiseman ist n\u00e4mlich nicht nur selbst Magier, er legt auch eine geh\u00f6rige Skepsis gegen\u00fcber paranormalen Ph\u00e4nomenen an den Tag. Das wiederum macht sein Buch allerdings erst so richtig interessant, weil er im Rahmen der einzelnen Kapitel fortw\u00e4hrend versucht, dem scheinbar Unerkl\u00e4rlichen auf die Schliche zu kommen. Dabei setzt er sich nicht nur mit Wahrsagerei und au\u00dferk\u00f6rperlichen Erfahrungen auseinander, er bringt einem als Leser auch bei, wie man den einen oder anderen Trick aus dem \u00c4rmel sch\u00fcttelt, der ihn im Auge des Gegen\u00fcbers fast schon zu einer \u00fcbersinnlichen Pers\u00f6nlichkeit erhebt. Das Buch selbst ist dar\u00fcber hinaus nicht nur leicht zu lesen, sondern auch spannend getextet. Es wurden au\u00dferdem zahlreiche QR-Codes mit eingebunden, die einem als Smartphone-Besitzer noch ein paar interessante Hintergrundinformationen vermitteln. Wenn sie also schon immer mehr wissen wollten \u00fcber Gespr\u00e4che mit Toten oder waghalsige Geisterjagden, schlagen sie zu. Es lohnt sich &#8211; nicht nur f\u00fcr Akte X-Fans. Und damit Schluss f\u00fcr heute. Bis zum n\u00e4chsten Mal.<\/p>\n","protected":false},"excerpt":{"rendered":"<p>mit B\u00fcchern von Clemens J. Setz, Michio Kaku, Nina Pauer und Richard Wiseman. \/\/ Ein wirklich faszinierendes Buch hat der \u00f6sterreichische Schriftsteller Clemens J. Setz aus dem \u00c4rmel gesch\u00fcttelt. Bereits 2008 wurde er mit dem \u201eIngeborg-Bachmann-Preis\u201c ausgezeichnet, 2009 war er f\u00fcr den \u201eDeutschen Buchpreis\u201c nominiert und 2011 erhielt er der \u201ePreis der Leipziger Buchmesse\u201c in [&hellip;]<\/p>\n","protected":false},"author":1,"featured_media":0,"comment_status":"open","ping_status":"open","sticky":false,"template":"","format":"standard","meta":{"footnotes":""},"categories":[5],"tags":[],"class_list":["post-10348","post","type-post","status-publish","format-standard","hentry","category--unter-der-haut"],"aioseo_notices":[],"_links":{"self":[{"href":"https:\/\/www.zuckerkick.com\/index.php?rest_route=\/wp\/v2\/posts\/10348","targetHints":{"allow":["GET"]}}],"collection":[{"href":"https:\/\/www.zuckerkick.com\/index.php?rest_route=\/wp\/v2\/posts"}],"about":[{"href":"https:\/\/www.zuckerkick.com\/index.php?rest_route=\/wp\/v2\/types\/post"}],"author":[{"embeddable":true,"href":"https:\/\/www.zuckerkick.com\/index.php?rest_route=\/wp\/v2\/users\/1"}],"replies":[{"embeddable":true,"href":"https:\/\/www.zuckerkick.com\/index.php?rest_route=%2Fwp%2Fv2%2Fcomments&post=10348"}],"version-history":[{"count":5,"href":"https:\/\/www.zuckerkick.com\/index.php?rest_route=\/wp\/v2\/posts\/10348\/revisions"}],"predecessor-version":[{"id":10359,"href":"https:\/\/www.zuckerkick.com\/index.php?rest_route=\/wp\/v2\/posts\/10348\/revisions\/10359"}],"wp:attachment":[{"href":"https:\/\/www.zuckerkick.com\/index.php?rest_route=%2Fwp%2Fv2%2Fmedia&parent=10348"}],"wp:term":[{"taxonomy":"category","embeddable":true,"href":"https:\/\/www.zuckerkick.com\/index.php?rest_route=%2Fwp%2Fv2%2Fcategories&post=10348"},{"taxonomy":"post_tag","embeddable":true,"href":"https:\/\/www.zuckerkick.com\/index.php?rest_route=%2Fwp%2Fv2%2Ftags&post=10348"}],"curies":[{"name":"wp","href":"https:\/\/api.w.org\/{rel}","templated":true}]}}