{"id":29787,"date":"2023-12-18T11:17:45","date_gmt":"2023-12-18T10:17:45","guid":{"rendered":"https:\/\/www.zuckerkick.com\/?p=29787"},"modified":"2023-12-18T17:53:39","modified_gmt":"2023-12-18T16:53:39","slug":"spieltrieb-vol-259-frohe-fest","status":"publish","type":"post","link":"https:\/\/www.zuckerkick.com\/?p=29787","title":{"rendered":"\/\/ spieltrieb vol. (2)59 &#8211; &#8222;frohes fest&#8220;"},"content":{"rendered":"\n<p><em>mit der mehr als Kinderweihnachtsbuch &#8222;Ein Fest f\u00fcr alle&#8220;.<\/em> <\/p>\n\n\n<div class=\"wp-block-image\">\n<figure class=\"alignleft size-large is-resized\"><img loading=\"lazy\" decoding=\"async\" src=\"https:\/\/www.zuckerkick.com\/wp-content\/uploads\/2023\/12\/s259_spieltrieb_ein-fest-fuer-alle_maike-harel_betz_zuckerkick-808x1024.jpg\" alt=\"\" class=\"wp-image-29789\" width=\"202\" height=\"256\" srcset=\"https:\/\/www.zuckerkick.com\/wp-content\/uploads\/2023\/12\/s259_spieltrieb_ein-fest-fuer-alle_maike-harel_betz_zuckerkick-808x1024.jpg 808w, https:\/\/www.zuckerkick.com\/wp-content\/uploads\/2023\/12\/s259_spieltrieb_ein-fest-fuer-alle_maike-harel_betz_zuckerkick-237x300.jpg 237w, https:\/\/www.zuckerkick.com\/wp-content\/uploads\/2023\/12\/s259_spieltrieb_ein-fest-fuer-alle_maike-harel_betz_zuckerkick-768x973.jpg 768w, https:\/\/www.zuckerkick.com\/wp-content\/uploads\/2023\/12\/s259_spieltrieb_ein-fest-fuer-alle_maike-harel_betz_zuckerkick-1212x1536.jpg 1212w, https:\/\/www.zuckerkick.com\/wp-content\/uploads\/2023\/12\/s259_spieltrieb_ein-fest-fuer-alle_maike-harel_betz_zuckerkick-1616x2048.jpg 1616w, https:\/\/www.zuckerkick.com\/wp-content\/uploads\/2023\/12\/s259_spieltrieb_ein-fest-fuer-alle_maike-harel_betz_zuckerkick-scaled.jpg 2020w\" sizes=\"auto, (max-width: 202px) 100vw, 202px\" \/><\/figure>\n<\/div>\n\n\n<p>\/\/ Wie ist das eigentlich, wenn das ganze Land Weihnachten feiert und man selbst einer anderen Religionsgemeinschaft angeh\u00f6rt? Genau das erleben die beiden Kinder Lia und Sami: Alle Freunde haben keine Zeit zum Spielen und ihre Eltern sind im Schichtdienst eingeteilt. Immerhin geht es den beiden Kindern nicht allein so, sondern sie sind damit zu zweit. Trotz K\u00e4lte kicken sie im Hof, allerdings f\u00e4llt dann der Ball relativ schnell in den Garten von Herrn Holzspan. Als sie bei ihm den Ball holen wollen, ist dieser alles andere als begeistert: \u201eWas wollt ihr den hier?\u201c, schimpft eine laute Stimme. Schnell merken die Kinder, dass Herr Holzspan auch nicht ganz traditionell Weihnachten feiert. \u201eIch feiere heute Freinachten \u2026 das ist das Fest, wenn mich alle in Ruhe lassen.\u201c Mitten in der Erkl\u00e4rung zu diesem besonderen \u201eFest\u201c f\u00e4llt Herrn Holzspan ein, dass er Essen auf dem Herd stehen hat. Somit feiern die drei dann Breinachten, nach l\u00e4ngerer Diskussion Schreinachten und schlie\u00dflich noch viele andere Feste die auf -nachten enden. Dabei lernen sie sich n\u00e4her kennen und verstehen. Als es dann drau\u00dfen zu Schneien beginnt endet der Abend f\u00fcr alle in der Nachtigallstra\u00dfe ganz anders als sie gedacht hatten aber trotzdem sehr gl\u00fccklich. \u201eEin Fest f\u00fcr alle\u201c (anette betz, <a href=\"https:\/\/www.ueberreuter.de\/produkt\/ein-fest-fuer-alle\/\" title=\"\">ISBN 9783219119930<\/a>) von <strong>Maike Harel<\/strong> ist ein sch\u00f6nes Weihnachtsbuch, dass<\/p>\n\n\n\n<p><\/p>\n\n\n\n<p><\/p>\n\n\n\n<!--more-->\n\n\n\n<p>die Aufmerksamkeit auf ein seltenes, aber wichtiges Thema lenkt. Nicht alle Familien feiern dieselben Feste und leben die gleichen Traditionen. Sch\u00f6n, wenn es im Dezember f\u00fcr alle auch noch andere Themen au\u00dferhalb des Weihnachtsmanns, dem Nikolaus und der Weihnachtsgeschichte gibt. Damit kann das Bauch auch gerne nach Weihnachten im B\u00fccherregal bleiben.<\/p>\n\n\n\n<p>Im hinteren Buchdeckel des 40-seitigen Bilderbuchs gibt es eine bilderreiche und altersgem\u00e4\u00dfe \u00dcbersicht zu den Festen verschiedener Weltreligionen. Das Buch wird ab 5 Jahre empfohlen. Die Illustration von Laura Bednarski sind herrlich und erinnern mit den runden K\u00f6pfen der Figuren, an gesch\u00e4tzten Illustrationen von Susanne G\u00f6hlich. (Euro 16,00)<\/p>\n","protected":false},"excerpt":{"rendered":"<p>mit der mehr als Kinderweihnachtsbuch &#8222;Ein Fest f\u00fcr alle&#8220;. \/\/ Wie ist das eigentlich, wenn das ganze Land Weihnachten feiert und man selbst einer anderen Religionsgemeinschaft angeh\u00f6rt? Genau das erleben die beiden Kinder Lia und Sami: Alle Freunde haben keine Zeit zum Spielen und ihre Eltern sind im Schichtdienst eingeteilt. Immerhin geht es den beiden [&hellip;]<\/p>\n","protected":false},"author":2,"featured_media":0,"comment_status":"closed","ping_status":"open","sticky":false,"template":"","format":"standard","meta":{"footnotes":""},"categories":[12],"tags":[],"class_list":["post-29787","post","type-post","status-publish","format-standard","hentry","category--modefotos"],"aioseo_notices":[],"_links":{"self":[{"href":"https:\/\/www.zuckerkick.com\/index.php?rest_route=\/wp\/v2\/posts\/29787","targetHints":{"allow":["GET"]}}],"collection":[{"href":"https:\/\/www.zuckerkick.com\/index.php?rest_route=\/wp\/v2\/posts"}],"about":[{"href":"https:\/\/www.zuckerkick.com\/index.php?rest_route=\/wp\/v2\/types\/post"}],"author":[{"embeddable":true,"href":"https:\/\/www.zuckerkick.com\/index.php?rest_route=\/wp\/v2\/users\/2"}],"replies":[{"embeddable":true,"href":"https:\/\/www.zuckerkick.com\/index.php?rest_route=%2Fwp%2Fv2%2Fcomments&post=29787"}],"version-history":[{"count":4,"href":"https:\/\/www.zuckerkick.com\/index.php?rest_route=\/wp\/v2\/posts\/29787\/revisions"}],"predecessor-version":[{"id":29800,"href":"https:\/\/www.zuckerkick.com\/index.php?rest_route=\/wp\/v2\/posts\/29787\/revisions\/29800"}],"wp:attachment":[{"href":"https:\/\/www.zuckerkick.com\/index.php?rest_route=%2Fwp%2Fv2%2Fmedia&parent=29787"}],"wp:term":[{"taxonomy":"category","embeddable":true,"href":"https:\/\/www.zuckerkick.com\/index.php?rest_route=%2Fwp%2Fv2%2Fcategories&post=29787"},{"taxonomy":"post_tag","embeddable":true,"href":"https:\/\/www.zuckerkick.com\/index.php?rest_route=%2Fwp%2Fv2%2Ftags&post=29787"}],"curies":[{"name":"wp","href":"https:\/\/api.w.org\/{rel}","templated":true}]}}